{"id":5110,"date":"2021-05-14T20:59:00","date_gmt":"2021-05-14T20:59:00","guid":{"rendered":"https:\/\/www.adlergiersch.com\/es\/?p=5110"},"modified":"2021-06-02T21:34:02","modified_gmt":"2021-06-02T21:34:02","slug":"meditacion-y-dolor-cronico","status":"publish","type":"post","link":"https:\/\/www.adlergiersch.com\/es\/meditacion-y-dolor-cronico\/","title":{"rendered":"Meditaci\u00f3n y Dolor Cr\u00f3nico"},"content":{"rendered":"\n<p>Un estudio reciente de la Universidad de Brown propuso que la meditaci\u00f3n puede ayudar a los pacientes a controlar su dolor cr\u00f3nico.<a href=\"https:\/\/www.adlergiersch.com\/blog\/meditation-chronic-pain\/#_ftn1\">[1]<\/a>&nbsp; El estudio analiz\u00f3 la conexi\u00f3n intima en la atenci\u00f3n plena entre la mente y el cuerpo, ya que el entrenamiento de la meditaci\u00f3n comienza con un enfoque altamente localizado en las sensaciones del cuerpo y la respiraci\u00f3n.&nbsp;<\/p>\n\n\n\n<p><br>Los investigadores del estudio afirman que el enfoque sensorial concentrado repetido mejora el control sobre los ritmos alfa localizados en la corteza somato-sensorial primaria, donde el cerebro mapea las sensaciones de diferentes partes del cuerpo.&nbsp; Al aprender a controlar su enfoque en el momento som\u00e1tico presente, dicen los investigadores, los meditadores desarrollan una \u00abperilla de volumen\u00bb m\u00e1s sensible para controlar los ritmos alfa corticales sensoriales localizados y espacialmente espec\u00edficos, permitiendo as\u00ed un filtrado \u00f3ptimo de la informaci\u00f3n sensorial.&nbsp; Los meditadores aprenden a controlar cual sensaciones corporales escuchan, y tambi\u00e9n como prestar atenci\u00f3n regular para que no se inclinen hacia sensaciones f\u00edsicas negativas, como el dolor cr\u00f3nico.&nbsp;<\/p>\n\n\n\n<p>El equipo del <strong>estudio<\/strong> us\u00f3 una tecnolog\u00eda de im\u00e1genes cerebrales llamada magneto encefalograf\u00eda (MEG) para mostrar que los ritmos alfa en la corteza tienen correlaci\u00f3n con la atenci\u00f3n sensorial y que la capacidad de regular las ondas cerebrales alfa localizadas en una escala de milisegundos es m\u00e1s distinta en personas que han tenido un entrenamiento estandarizado de atenci\u00f3n plena que en los que no lo han hecho.&nbsp; El equipo tambi\u00e9n utiliz\u00f3 un modelo inform\u00e1tico que simula la actividad el\u00e9ctrica de redes neuronales y predice como se genera el ritmo alfa.&nbsp; Una predicci\u00f3n de este estudio es explicar c\u00f3mo conseguir control del ritmo alfa no solo mejora el enfoque sensorial en un \u00e1rea particular del cuerpo, sino que tambi\u00e9n ayuda a la gente a superar los est\u00edmulos competitivos persistentes, como las se\u00f1ales de dolor cr\u00f3nico.&nbsp; &nbsp;<\/p>\n\n\n\n<p>El estudio propone que entrenamiento de pacientes con dolor cr\u00f3nico en t\u00e9cnicas estandarizadas de atenci\u00f3n plena de enfocarse en el dolor y luego enfocarse lejos del dolor, deber\u00eda resultar en mejoras comprobables y medibles por MEG en el control del ritmo alfa.&nbsp;<\/p>\n\n\n\n<p>&lt;&lt;Mediante este proceso de activar y desactivar repetidamente la din\u00e1mica alfa en todo el mapa corporal, seg\u00fan nuestra teor\u00eda alfa, los sujetos est\u00e1n volviendo a aprender el proceso de modular directamente los ritmos alfa localizados&gt;&gt;, escribieron.<\/p>\n\n\n\n<p><a href=\"https:\/\/www.adlergiersch.com\/blog\/meditation-chronic-pain\/#_ftnref1\">[1]<\/a>&nbsp;<em>Frontiers in Human Neuroscience,<\/em>&nbsp;&lt;&lt;La atenci\u00f3n plena comienza con el cuerpo: atenci\u00f3n somatosensorial y modulaci\u00f3n descendente de los ritmos alfa corticales en la meditaci\u00f3n de atenci\u00f3n plena&gt;&gt;, <a href=\"http:\/\/www.frontiersin.org\/Community\/WhosWhoActivity.aspx?sname=CatherineKerr&amp;UID=42439\" target=\"_blank\" rel=\"noopener\">Catherine E. Kerr<\/a>,&nbsp;<a href=\"http:\/\/www.frontiersin.org\/Community\/WhosWhoActivity.aspx?sname=MatthewSacchet&amp;UID=50167\" target=\"_blank\" rel=\"noopener\">Matthew D. Sacchet<\/a>,&nbsp;<a href=\"http:\/\/www.frontiersin.org\/Community\/WhosWhoActivity.aspx?sname=SaraLazar&amp;UID=44127\" target=\"_blank\" rel=\"noopener\">Sara W. Lazar<\/a>,&nbsp;<a href=\"http:\/\/www.frontiersin.org\/Community\/WhosWhoActivity.aspx?sname=ChristopherMoore_3&amp;UID=44358\" target=\"_blank\" rel=\"noopener\">Christopher I. Moore<\/a> y&nbsp;<a href=\"http:\/\/community.frontiersin.org\/people\/StephanieJones_2\/78544\" target=\"_blank\" rel=\"noopener\">Stephanie R. Jones<\/a><sup>.&nbsp;<\/sup>&nbsp;<\/p>\n\n\n\n<p><a href=\"http:\/\/www.frontiersin.org\/Journal\/10.3389\/fnhum.2013.00012\/abstract\" target=\"_blank\" rel=\"noopener\">http:\/\/www.frontiersin.org\/Journal\/10.3389\/fnhum.2013.00012\/abstract<\/a><\/p>\n\n\n\n<p>Link to English versi\u00f3n:<\/p>\n\n\n\n<p><a href=\"https:\/\/www.adlergiersch.com\/blog\/meditation-chronic-pain\/\">https:\/\/www.adlergiersch.com\/blog\/meditation-chronic-pain\/<\/a><\/p>\n","protected":false},"excerpt":{"rendered":"<p>Un estudio reciente de la Universidad de Brown propuso que la meditaci\u00f3n puede ayudar a los pacientes a controlar su dolor cr\u00f3nico.[1]&nbsp; El estudio analiz\u00f3 la conexi\u00f3n intima en la atenci\u00f3n plena entre la mente y el cuerpo, ya que el entrenamiento de la meditaci\u00f3n comienza con un enfoque altamente localizado en las sensaciones del [&hellip;]<\/p>\n","protected":false},"author":2,"featured_media":5287,"comment_status":"open","ping_status":"open","sticky":false,"template":"","format":"standard","meta":{"_acf_changed":false,"inline_featured_image":false,"footnotes":""},"categories":[26],"tags":[],"class_list":["post-5110","post","type-post","status-publish","format-standard","has-post-thumbnail","hentry","category-accidentes-de-auto"],"acf":[],"_links":{"self":[{"href":"https:\/\/www.adlergiersch.com\/es\/wp-json\/wp\/v2\/posts\/5110","targetHints":{"allow":["GET"]}}],"collection":[{"href":"https:\/\/www.adlergiersch.com\/es\/wp-json\/wp\/v2\/posts"}],"about":[{"href":"https:\/\/www.adlergiersch.com\/es\/wp-json\/wp\/v2\/types\/post"}],"author":[{"embeddable":true,"href":"https:\/\/www.adlergiersch.com\/es\/wp-json\/wp\/v2\/users\/2"}],"replies":[{"embeddable":true,"href":"https:\/\/www.adlergiersch.com\/es\/wp-json\/wp\/v2\/comments?post=5110"}],"version-history":[{"count":0,"href":"https:\/\/www.adlergiersch.com\/es\/wp-json\/wp\/v2\/posts\/5110\/revisions"}],"wp:featuredmedia":[{"embeddable":true,"href":"https:\/\/www.adlergiersch.com\/es\/wp-json\/wp\/v2\/media\/5287"}],"wp:attachment":[{"href":"https:\/\/www.adlergiersch.com\/es\/wp-json\/wp\/v2\/media?parent=5110"}],"wp:term":[{"taxonomy":"category","embeddable":true,"href":"https:\/\/www.adlergiersch.com\/es\/wp-json\/wp\/v2\/categories?post=5110"},{"taxonomy":"post_tag","embeddable":true,"href":"https:\/\/www.adlergiersch.com\/es\/wp-json\/wp\/v2\/tags?post=5110"}],"curies":[{"name":"wp","href":"https:\/\/api.w.org\/{rel}","templated":true}]}}